{"id":195155,"date":"2026-08-31T22:20:38","date_gmt":"2026-08-31T22:20:38","guid":{"rendered":"https:\/\/secreerd.com\/?p=195155"},"modified":"2026-08-31T22:20:38","modified_gmt":"2026-08-31T22:20:38","slug":"esteroides-y-caida-del-cabello-un-vinculo-preocupante","status":"publish","type":"post","link":"https:\/\/secreerd.com\/index.php\/2026\/08\/31\/esteroides-y-caida-del-cabello-un-vinculo-preocupante\/","title":{"rendered":"Esteroides y Ca\u00edda del Cabello: Un V\u00ednculo Preocupante"},"content":{"rendered":"<p>La relaci\u00f3n entre el uso de esteroides anab\u00f3licos y la ca\u00edda del cabello ha sido objeto de estudio y debate durante a\u00f1os. Muchos atletas y culturistas recurren a estos compuestos para mejorar su desempe\u00f1o y aumentar la masa muscular, pero a menudo subestiman los efectos secundarios que pueden acompa\u00f1ar su uso, incluyendo la alopecia.<\/p>\n<p><a href=\"https:\/\/appdesign360.com\/esteroides-y-caida-del-cabello-un-vinculo-preocupante\/\">https:\/\/appdesign360.com\/esteroides-y-caida-del-cabello-un-vinculo-preocupante\/<\/a><\/p>\n<h2>\u00bfC\u00f3mo afectan los esteroides al cabello?<\/h2>\n<p>Los esteroides anab\u00f3licos son derivados sint\u00e9ticos de la testosterona, y su acci\u00f3n en el organismo puede desencadenar una variedad de procesos bioqu\u00edmicos que afectan la salud capilar. Las personas susceptibles a la p\u00e9rdida de cabello pueden experimentar un aumento en la tasa de ca\u00edda de su cabello al consumir estos compuestos, debido a la transformaci\u00f3n de la testosterona en dihidrotestosterona (DHT), un andr\u00f3geno responsable de la miniaturizaci\u00f3n de los fol\u00edculos capilares.<\/p>\n<h2>Efectos de los Esteroides Anab\u00f3licos en el Cabello<\/h2>\n<ol>\n<li><strong>Aumento de DHT:<\/strong> La conversi\u00f3n de testosterona a DHT puede causar la miniaturizaci\u00f3n de los fol\u00edculos, lo que lleva a una reducci\u00f3n del grosor del cabello y eventual ca\u00edda.<\/li>\n<li><strong>Alopecia androg\u00e9nica:<\/strong> Esta condici\u00f3n, tambi\u00e9n conocida como calvicie de patr\u00f3n masculino o femenino, se ve exacerbada por el uso de esteroides en individuos predispuestos gen\u00e9ticamente.<\/li>\n<li><strong>Estr\u00e9s en el cuero cabelludo:<\/strong> El uso de esteroides puede provocar inflamaci\u00f3n y otros problemas en el cuero cabelludo, contribuyendo a la ca\u00edda del cabello.<\/li>\n<\/ol>\n<h2>\u00bfQui\u00e9nes est\u00e1n en riesgo?<\/h2>\n<p>La susceptibilidad a la ca\u00edda del cabello por el uso de esteroides anab\u00f3licos var\u00eda de una persona a otra, y depende de m\u00faltiples factores:<\/p>\n<ul>\n<li>Historia familiar de alopecia.<\/li>\n<li>Niveles hormonales preexistentes.<\/li>\n<li>Tipo y dosis de esteroides usados.<\/li>\n<li>Duraci\u00f3n del uso de esteroides.<\/li>\n<\/ul>\n<h2>Conclusiones<\/h2>\n<p>En conclusi\u00f3n, la relaci\u00f3n entre los esteroides anab\u00f3licos y la ca\u00edda del cabello es un tema que no debe tomarse a la ligera. Aquellos que est\u00e1n considerando el uso de estos compuestos deben ser conscientes de los riesgos potenciales y considerados en su decisi\u00f3n. \u00c9sta no solo involucra la salud f\u00edsica y el rendimiento deportivo, sino tambi\u00e9n el bienestar emocional y est\u00e9tico relacionado con la apariencia del cabello.<\/p>\n","protected":false},"excerpt":{"rendered":"<p>La relaci\u00f3n entre el uso de esteroides anab\u00f3licos y la ca\u00edda del cabello ha sido objeto de estudio y debate durante a\u00f1os. Muchos atletas y culturistas recurren a estos compuestos para mejorar su desempe\u00f1o y aumentar la masa muscular, pero a menudo subestiman los efectos secundarios que pueden acompa\u00f1ar su uso, incluyendo la alopecia. https:\/\/appdesign360.com\/esteroides-y-caida-del-cabello-un-vinculo-preocupante\/ [&hellip;]<\/p>\n","protected":false},"author":1,"featured_media":0,"comment_status":"closed","ping_status":"open","sticky":false,"template":"","format":"standard","meta":{"_mi_skip_tracking":false},"categories":[1],"tags":[],"aioseo_notices":[],"_links":{"self":[{"href":"https:\/\/secreerd.com\/index.php\/wp-json\/wp\/v2\/posts\/195155"}],"collection":[{"href":"https:\/\/secreerd.com\/index.php\/wp-json\/wp\/v2\/posts"}],"about":[{"href":"https:\/\/secreerd.com\/index.php\/wp-json\/wp\/v2\/types\/post"}],"author":[{"embeddable":true,"href":"https:\/\/secreerd.com\/index.php\/wp-json\/wp\/v2\/users\/1"}],"replies":[{"embeddable":true,"href":"https:\/\/secreerd.com\/index.php\/wp-json\/wp\/v2\/comments?post=195155"}],"version-history":[{"count":1,"href":"https:\/\/secreerd.com\/index.php\/wp-json\/wp\/v2\/posts\/195155\/revisions"}],"predecessor-version":[{"id":195156,"href":"https:\/\/secreerd.com\/index.php\/wp-json\/wp\/v2\/posts\/195155\/revisions\/195156"}],"wp:attachment":[{"href":"https:\/\/secreerd.com\/index.php\/wp-json\/wp\/v2\/media?parent=195155"}],"wp:term":[{"taxonomy":"category","embeddable":true,"href":"https:\/\/secreerd.com\/index.php\/wp-json\/wp\/v2\/categories?post=195155"},{"taxonomy":"post_tag","embeddable":true,"href":"https:\/\/secreerd.com\/index.php\/wp-json\/wp\/v2\/tags?post=195155"}],"curies":[{"name":"wp","href":"https:\/\/api.w.org\/{rel}","templated":true}]}}